{"id":267,"date":"2020-10-17T22:00:53","date_gmt":"2020-10-17T22:00:53","guid":{"rendered":"http:\/\/salesianmissions.hu\/voluntary\/?p=267"},"modified":"2020-10-17T22:00:53","modified_gmt":"2020-10-17T22:00:53","slug":"cagliero-11-2017-november-sz-107","status":"publish","type":"post","link":"https:\/\/salesianmissions.hu\/voluntary\/2020\/10\/17\/cagliero-11-2017-november-sz-107\/","title":{"rendered":"Cagliero 11 &#8211; 2017 november &#8211; sz. 107"},"content":{"rendered":"\n<p class=\"has-drop-cap\">Ferenc p\u00e1pa \u00e1lland\u00f3an meglepet\u00e9ssel szolg\u00e1l sz\u00e1munkra.<br>Okt\u00f3ber 15-\u00e9n vas\u00e1rnap az Angelus el\u0151tt a k\u00f6vetkez\u0151ket jelentette be: \u201eA p\u00fcsp\u00f6ki szin\u00f3dus k\u00fcl\u00f6nleges gy\u0171l\u00e9s\u00e9t h\u00edvom \u00f6ssze a Pan-Amaz\u00f3niai r\u00e9gi\u00f3 \u00fcgy\u00e9ben, ezzel teljes\u00edtve Latin -Amerika t\u00f6bb p\u00fcsp\u00f6ki konferenci\u00e1j\u00e1nak, valamint sok lelkip\u00e1sztornak \u00e9s a vil\u00e1g m\u00e1s r\u00e9szeib\u0151l sz\u00e1rmaz\u00f3 h\u00edv\u0151knek az \u00f3haj\u00e1t. R\u00f3m\u00e1ban fogjuk tartani 2019 okt\u00f3ber\u00e9ben. Ennek a gy\u0171l\u00e9snek a f\u0151 c\u00e9lja az lesz, hogy \u00faj utakat tal\u00e1ljunk Isten azon n\u00e9peinek evangeliz\u00e1ci\u00f3j\u00e1ra, k\u00fcl\u00f6n\u00f6sen a bennsz\u00fcl\u00f6ttek\u00e9re, akikr\u0151l gyakran elfeledkez\u00fcnk, s akiknek kil\u00e1t\u00e1sa sincsen a b\u00e9k\u00e9s j\u00f6v\u0151re. A gy\u0171l\u00e9s t\u00e9m\u00e1ja lesz az Amazonas es\u0151erdeinek v\u00e1ls\u00e1ga, amely erd\u0151k bolyg\u00f3nk t\u00fcdeik\u00e9nt m\u0171k\u00f6dnek.\u201d<\/p>\n\n\n\n<div class=\"wp-block-file\"><a href=\"http:\/\/salesianmissions.hu\/voluntary\/wp-content\/uploads\/2020\/10\/CAGLIERO-11-november-2017-UNG.pdf\">CAGLIERO-11-november-2017-UNG<\/a><a href=\"http:\/\/salesianmissions.hu\/voluntary\/wp-content\/uploads\/2020\/10\/CAGLIERO-11-november-2017-UNG.pdf\" class=\"wp-block-file__button\" download>Let\u00f6lt\u00e9s<\/a><\/div>\n\n\n\n<figure class=\"wp-block-image size-large is-style-default\"><img decoding=\"async\" loading=\"lazy\" width=\"396\" height=\"556\" src=\"http:\/\/salesianmissions.hu\/voluntary\/wp-content\/uploads\/2020\/10\/image-10.png\" alt=\"\" class=\"wp-image-269\"\/><\/figure>\n\n\n\n<p><\/p>\n","protected":false},"excerpt":{"rendered":"<p>Ferenc p\u00e1pa \u00e1lland\u00f3an meglepet\u00e9ssel szolg\u00e1l sz\u00e1munkra.Okt\u00f3ber 15-\u00e9n vas\u00e1rnap az Angelus el\u0151tt a k\u00f6vetkez\u0151ket jelentette be: \u201eA p\u00fcsp\u00f6ki szin\u00f3dus k\u00fcl\u00f6nleges gy\u0171l\u00e9s\u00e9t h\u00edvom \u00f6ssze a Pan-Amaz\u00f3niai r\u00e9gi\u00f3<\/p>\n","protected":false},"author":2,"featured_media":269,"comment_status":"open","ping_status":"open","sticky":false,"template":"","format":"standard","meta":[],"categories":[51],"tags":[65,67,66,63,64,68],"_links":{"self":[{"href":"https:\/\/salesianmissions.hu\/voluntary\/wp-json\/wp\/v2\/posts\/267"}],"collection":[{"href":"https:\/\/salesianmissions.hu\/voluntary\/wp-json\/wp\/v2\/posts"}],"about":[{"href":"https:\/\/salesianmissions.hu\/voluntary\/wp-json\/wp\/v2\/types\/post"}],"author":[{"embeddable":true,"href":"https:\/\/salesianmissions.hu\/voluntary\/wp-json\/wp\/v2\/users\/2"}],"replies":[{"embeddable":true,"href":"https:\/\/salesianmissions.hu\/voluntary\/wp-json\/wp\/v2\/comments?post=267"}],"version-history":[{"count":1,"href":"https:\/\/salesianmissions.hu\/voluntary\/wp-json\/wp\/v2\/posts\/267\/revisions"}],"predecessor-version":[{"id":270,"href":"https:\/\/salesianmissions.hu\/voluntary\/wp-json\/wp\/v2\/posts\/267\/revisions\/270"}],"wp:featuredmedia":[{"embeddable":true,"href":"https:\/\/salesianmissions.hu\/voluntary\/wp-json\/wp\/v2\/media\/269"}],"wp:attachment":[{"href":"https:\/\/salesianmissions.hu\/voluntary\/wp-json\/wp\/v2\/media?parent=267"}],"wp:term":[{"taxonomy":"category","embeddable":true,"href":"https:\/\/salesianmissions.hu\/voluntary\/wp-json\/wp\/v2\/categories?post=267"},{"taxonomy":"post_tag","embeddable":true,"href":"https:\/\/salesianmissions.hu\/voluntary\/wp-json\/wp\/v2\/tags?post=267"}],"curies":[{"name":"wp","href":"https:\/\/api.w.org\/{rel}","templated":true}]}}