{"id":290,"date":"2020-10-18T05:56:20","date_gmt":"2020-10-18T05:56:20","guid":{"rendered":"http:\/\/salesianmissions.hu\/voluntary\/?p=290"},"modified":"2020-10-18T05:57:40","modified_gmt":"2020-10-18T05:57:40","slug":"cagliero-11-2018-januar-sz-109","status":"publish","type":"post","link":"https:\/\/salesianmissions.hu\/voluntary\/2020\/10\/18\/cagliero-11-2018-januar-sz-109\/","title":{"rendered":"Cagliero 11 &#8211; 2018 janu\u00e1r &#8211; sz. 109"},"content":{"rendered":"\n<p>Kedves \u00d6nk\u00e9ntesek!<\/p>\n\n\n\n<p class=\"has-drop-cap\">A janu\u00e1r h\u00f3nap a szal\u00e9ziak h\u00f3napja, most els\u0151 alkalommal \u00fcnnepelhetj\u00fck Boldog Titus Zeman szal\u00e9zi aty\u00e1t janu\u00e1r 8-\u00e1n, aki a kommunista diktat\u00fara alatt szal\u00e9zi kispapokat seg\u00edtett k\u00fclf\u00f6ldre, ezzel&nbsp;megadva nekik a lehet\u0151s\u00e9get, hogy elk\u00f6telez\u0151dhessenek az \u00darnak. K\u00e9rhetj\u00fck a hivat\u00e1sok v\u00e9rtan\u00faj\u00e1nak k\u00f6zbenj\u00e1r\u00e1s\u00e1t az \u00faj hivat\u00e1sok\u00e9rt.<\/p>\n\n\n\n<p>Boldog Luigi Variara a lepr\u00e1sok apostola (eml\u00e9knapja janu\u00e1r 15-\u00e9n), aki Don Bosco&nbsp;valdoccoi orat\u00f3rium\u00e1nak volt n\u00f6vend\u00e9ke, majd 19 \u00e9vesen m\u00e1r misszion\u00e1rius&nbsp;a kolumbiai Agua de Diosban.<\/p>\n\n\n\n<p>Boldog Laura Vicuna&nbsp;a szal\u00e9zi n\u0151v\u00e9rekn\u00e9l volt koll\u00e9gista l\u00e1ny&nbsp;s a tiszta er\u00e9ny p\u00e9ldak\u00e9pe. (Eml\u00e9knapja janu\u00e1r 22).<\/p>\n\n\n\n<p>Janu\u00e1r 24-\u00e9n a szal\u00e9zi rend n\u00e9vad\u00f3j\u00e1nak, Szal\u00e9zi szent Ferencnek van \u00fcnnepe, aki ezt mondta: \u201e\u00dagy kell betartani a szab\u00e1lyokat, mint az \u00e9let k\u00f6nyv\u00e9t,&nbsp;az evang\u00e9lium l\u00e9nyeg\u00e9t, a megv\u00e1lt\u00e1sunk rem\u00e9ny\u00e9t, t\u00f6k\u00e9letess\u00e9g\u00fcnk m\u00e9rt\u00e9k\u00e9t, kulcsot a Mennyorsz\u00e1ghoz.\u201d<\/p>\n\n\n\n<p>Janu\u00e1r 30-\u00e1n megeml\u00e9kez\u00fcnk Boldog Bronislaus Markiewiczr\u0151l, aki&nbsp;Don Bosco lelkis\u00e9g\u00e9nek hat\u00e1s\u00e1ra alap\u00edtott szerzetesi rendet, amely nemcsak Lengyelorsz\u00e1gban, hanem P\u00e1pua \u00daj-Guine\u00e1ban \u00e9s Belorusszi\u00e1ban is \u00e9p\u00edti Isten orsz\u00e1g\u00e1t.<\/p>\n\n\n\n<p>Janu\u00e1r 31-\u00e9n Don Bosco aty\u00e1nkat \u00fcnnepelj\u00fck, aki a k\u00f6vetkez\u0151k\u00e9ppen k\u00f6sz\u00f6nt\u00f6tte a lelkip\u00e1sztorokat: \u201eSalve salvando salvati\u201d (K\u00f6sz\u00f6ntelek titeket. M\u00e1sok megment\u00e9s\u00e9vel \u00f6nmagatokat mentitek meg).<\/p>\n\n\n\n<p>Szeretn\u00e9m megosztani Veletek a Don Boscoval kapcsolatos&nbsp;\u00faj \u00e9s \u00e9rdekes gondolatokat&nbsp;is vet\u00e9lked\u0151 form\u00e1j\u00e1ban.&nbsp;<\/p>\n\n\n\n<p>Csatolva k\u00fcld\u00f6m&nbsp;a&nbsp;Cagliero&nbsp;11-et, az \u00e9v els\u0151 misszi\u00f3s h\u00edrlapj\u00e1t.<\/p>\n\n\n\n<p>Kegyelemben gazdag \u00faj esztend\u0151t k\u00edv\u00e1nok Don Boscoval.<\/p>\n\n\n\n<p>Szeretettel:<\/p>\n\n\n\n<p>De Rossi Raja<\/p>\n\n\n\n<div class=\"wp-block-file\"><a href=\"http:\/\/salesianmissions.hu\/voluntary\/wp-content\/uploads\/2020\/10\/Cagliero-11-january-2018-UNG.pdf\">Cagliero-11-january-2018-UNG<\/a><a href=\"http:\/\/salesianmissions.hu\/voluntary\/wp-content\/uploads\/2020\/10\/Cagliero-11-january-2018-UNG.pdf\" class=\"wp-block-file__button\" download>Let\u00f6lt\u00e9s<\/a><\/div>\n\n\n\n<div class=\"wp-block-file\"><a href=\"http:\/\/salesianmissions.hu\/voluntary\/wp-content\/uploads\/2020\/10\/Don-Bosco-qviz.pdf\">Don-Bosco-qviz<\/a><a href=\"http:\/\/salesianmissions.hu\/voluntary\/wp-content\/uploads\/2020\/10\/Don-Bosco-qviz.pdf\" class=\"wp-block-file__button\" download>Let\u00f6lt\u00e9s<\/a><\/div>\n\n\n\n<figure class=\"wp-block-image size-large is-style-default\"><img decoding=\"async\" loading=\"lazy\" width=\"396\" height=\"561\" src=\"http:\/\/salesianmissions.hu\/voluntary\/wp-content\/uploads\/2020\/10\/image-12.png\" alt=\"\" class=\"wp-image-293\"\/><\/figure>\n","protected":false},"excerpt":{"rendered":"<p>Kedves \u00d6nk\u00e9ntesek! A janu\u00e1r h\u00f3nap a szal\u00e9ziak h\u00f3napja, most els\u0151 alkalommal \u00fcnnepelhetj\u00fck Boldog Titus Zeman szal\u00e9zi aty\u00e1t janu\u00e1r 8-\u00e1n, aki a kommunista diktat\u00fara alatt szal\u00e9zi<\/p>\n","protected":false},"author":2,"featured_media":293,"comment_status":"closed","ping_status":"closed","sticky":false,"template":"","format":"standard","meta":[],"categories":[51],"tags":[77,75,74,76,78,79],"_links":{"self":[{"href":"https:\/\/salesianmissions.hu\/voluntary\/wp-json\/wp\/v2\/posts\/290"}],"collection":[{"href":"https:\/\/salesianmissions.hu\/voluntary\/wp-json\/wp\/v2\/posts"}],"about":[{"href":"https:\/\/salesianmissions.hu\/voluntary\/wp-json\/wp\/v2\/types\/post"}],"author":[{"embeddable":true,"href":"https:\/\/salesianmissions.hu\/voluntary\/wp-json\/wp\/v2\/users\/2"}],"replies":[{"embeddable":true,"href":"https:\/\/salesianmissions.hu\/voluntary\/wp-json\/wp\/v2\/comments?post=290"}],"version-history":[{"count":2,"href":"https:\/\/salesianmissions.hu\/voluntary\/wp-json\/wp\/v2\/posts\/290\/revisions"}],"predecessor-version":[{"id":295,"href":"https:\/\/salesianmissions.hu\/voluntary\/wp-json\/wp\/v2\/posts\/290\/revisions\/295"}],"wp:featuredmedia":[{"embeddable":true,"href":"https:\/\/salesianmissions.hu\/voluntary\/wp-json\/wp\/v2\/media\/293"}],"wp:attachment":[{"href":"https:\/\/salesianmissions.hu\/voluntary\/wp-json\/wp\/v2\/media?parent=290"}],"wp:term":[{"taxonomy":"category","embeddable":true,"href":"https:\/\/salesianmissions.hu\/voluntary\/wp-json\/wp\/v2\/categories?post=290"},{"taxonomy":"post_tag","embeddable":true,"href":"https:\/\/salesianmissions.hu\/voluntary\/wp-json\/wp\/v2\/tags?post=290"}],"curies":[{"name":"wp","href":"https:\/\/api.w.org\/{rel}","templated":true}]}}