{"id":384,"date":"2020-12-15T07:40:05","date_gmt":"2020-12-15T07:40:05","guid":{"rendered":"http:\/\/salesianmissions.hu\/voluntary\/?p=384"},"modified":"2020-12-15T07:40:06","modified_gmt":"2020-12-15T07:40:06","slug":"cagliero-11-2020-december-sz-109","status":"publish","type":"post","link":"https:\/\/salesianmissions.hu\/voluntary\/2020\/12\/15\/cagliero-11-2020-december-sz-109\/","title":{"rendered":"Cagliero 11 &#8211; 2020 december &#8211; sz. 109"},"content":{"rendered":"\n<p>A kar\u00e1csony \u00fczenete: Krisztus. Kar\u00e1csony nem lehet J\u00e9zus Krisztus n\u00e9lk\u00fcl! A kar\u00e1csony \u00fcnnepe csal\u00e1di \u00fcnnep, amelyet csal\u00e1dban, k\u00f6z\u00f6ss\u00e9gekben, int\u00e9zm\u00e9nyekben, k\u00fcl\u00f6n\u00f6sen a pl\u00e9b\u00e1ni\u00e1kon \u00fcnnepelj\u00fcnk!&nbsp;A szal\u00e9zi csal\u00e1d nemcsak int\u00e9zm\u00e9nyekb\u0151l \u00e1ll, hanem a Krisztush\u00edv\u0151k k\u00f6z\u00f6ss\u00e9geib\u0151l \u00e1ll\u00f3 pl\u00e9b\u00e1ni\u00e1kb\u00f3l is.&nbsp;Mi mindny\u00e1jan valamilyen pl\u00e9b\u00e1ni\u00e1hoz k\u00f6t\u0151d\u0151 k\u00f6z\u00f6ss\u00e9ghez tartozunk. A pl\u00e9b\u00e1nia saj\u00e1t lelkip\u00e1sztora, a pl\u00e9b\u00e1nos az\u00e9rt tesz sokat, hogy val\u00f3di k\u00f6z\u00f6ss\u00e9g \u00e9p\u00fclj\u00f6n az \u00darban. Teh\u00e1t&nbsp;ahogyan k\u00e9sz\u00fcl\u00fcnk a kar\u00e1csony \u00fcnnep\u00e9re, ismerj\u00fck meg jobban pl\u00e9b\u00e1nosainkat, akik a lelkip\u00e1sztori megb\u00edzottak a pl\u00e9b\u00e1ni\u00e1kon.<\/p>\n\n\n\n<p>Egy\u00fattal \u00e1ldott kar\u00e1csonyi \u00fcnnepeket k\u00edv\u00e1nok!<\/p>\n\n\n\n<p>Don Bosco-ban szeretettel:<\/p>\n\n\n\n<p>De\u00a0Rossi\u00a0Raja SDB<\/p>\n\n\n\n<p><a href=\"http:\/\/salesianmissions.hu\/voluntary\/wp-content\/uploads\/2020\/12\/Cagliero-11-202012-UNG-1.pdf\">http:\/\/salesianmissions.hu\/voluntary\/wp-content\/uploads\/2020\/12\/Cagliero-11-202012-UNG-1.pdf<\/a><\/p>\n\n\n\n<p><a href=\"http:\/\/salesianmissions.hu\/voluntary\/wp-content\/uploads\/2020\/12\/szalezi-plebania.pdf\">http:\/\/salesianmissions.hu\/voluntary\/wp-content\/uploads\/2020\/12\/szalezi-plebania.pdf<\/a><\/p>\n","protected":false},"excerpt":{"rendered":"<p>A kar\u00e1csony \u00fczenete: Krisztus. Kar\u00e1csony nem lehet J\u00e9zus Krisztus n\u00e9lk\u00fcl! A kar\u00e1csony \u00fcnnepe csal\u00e1di \u00fcnnep, amelyet csal\u00e1dban, k\u00f6z\u00f6ss\u00e9gekben, int\u00e9zm\u00e9nyekben, k\u00fcl\u00f6n\u00f6sen a pl\u00e9b\u00e1ni\u00e1kon \u00fcnnepelj\u00fcnk!&nbsp;A szal\u00e9zi csal\u00e1d<\/p>\n","protected":false},"author":2,"featured_media":385,"comment_status":"open","ping_status":"open","sticky":false,"template":"","format":"standard","meta":[],"categories":[51],"tags":[82,83,81,84],"_links":{"self":[{"href":"https:\/\/salesianmissions.hu\/voluntary\/wp-json\/wp\/v2\/posts\/384"}],"collection":[{"href":"https:\/\/salesianmissions.hu\/voluntary\/wp-json\/wp\/v2\/posts"}],"about":[{"href":"https:\/\/salesianmissions.hu\/voluntary\/wp-json\/wp\/v2\/types\/post"}],"author":[{"embeddable":true,"href":"https:\/\/salesianmissions.hu\/voluntary\/wp-json\/wp\/v2\/users\/2"}],"replies":[{"embeddable":true,"href":"https:\/\/salesianmissions.hu\/voluntary\/wp-json\/wp\/v2\/comments?post=384"}],"version-history":[{"count":3,"href":"https:\/\/salesianmissions.hu\/voluntary\/wp-json\/wp\/v2\/posts\/384\/revisions"}],"predecessor-version":[{"id":394,"href":"https:\/\/salesianmissions.hu\/voluntary\/wp-json\/wp\/v2\/posts\/384\/revisions\/394"}],"wp:featuredmedia":[{"embeddable":true,"href":"https:\/\/salesianmissions.hu\/voluntary\/wp-json\/wp\/v2\/media\/385"}],"wp:attachment":[{"href":"https:\/\/salesianmissions.hu\/voluntary\/wp-json\/wp\/v2\/media?parent=384"}],"wp:term":[{"taxonomy":"category","embeddable":true,"href":"https:\/\/salesianmissions.hu\/voluntary\/wp-json\/wp\/v2\/categories?post=384"},{"taxonomy":"post_tag","embeddable":true,"href":"https:\/\/salesianmissions.hu\/voluntary\/wp-json\/wp\/v2\/tags?post=384"}],"curies":[{"name":"wp","href":"https:\/\/api.w.org\/{rel}","templated":true}]}}