{"id":644,"date":"2023-05-11T18:33:45","date_gmt":"2023-05-11T18:33:45","guid":{"rendered":"https:\/\/salesianmissions.hu\/voluntary\/?p=644"},"modified":"2023-05-11T18:35:05","modified_gmt":"2023-05-11T18:35:05","slug":"kuldetes-fulpmesben","status":"publish","type":"post","link":"https:\/\/salesianmissions.hu\/voluntary\/2023\/05\/11\/kuldetes-fulpmesben\/","title":{"rendered":"K\u00fcldet\u00e9s Fulpmesben"},"content":{"rendered":"\n<p>Legy\u00e9l misszi\u00f3s \u00f6nk\u00e9ntes a Don Bosco Koll\u00e9giumban Fulpmesben!<\/p>\n\n\n\n<p><\/p>\n\n\n\n<p class=\"has-medium-font-size\"><strong>Id\u0151szak<\/strong><\/p>\n\n\n\n<p>2023 szeptember- 2024 j\u00fanius<\/p>\n\n\n<div class=\"wp-block-image is-style-rounded\">\n<figure class=\"alignright size-full is-resized\"><img decoding=\"async\" loading=\"lazy\" src=\"https:\/\/salesianmissions.hu\/voluntary\/wp-content\/uploads\/2023\/05\/B_Fulpmes_print.jpg\" alt=\"\" class=\"wp-image-645\" width=\"359\" height=\"207\"\/><\/figure><\/div>\n\n\n<p class=\"has-medium-font-size\"><strong>Helysz\u00edn<\/strong><\/p>\n\n\n\n<p>Don Bosco Fulpmes (Don Bosco Volunteers)<\/p>\n\n\n\n<p>www.donboscofulpmes.at<\/p>\n\n\n\n<p><\/p>\n\n\n\n<p class=\"has-medium-font-size\"><strong>Feladat<\/strong><\/p>\n\n\n\n<p>A h\u00e1z tanul\u00e1si tan\u00e1csad\u00e1st, szabadid\u0151s tev\u00e9kenys\u00e9get \u00e9s \u00fatmutat\u00e1st ny\u00fajt a 150 koll\u00e9gista di\u00e1knak \u00e9s t\u00f6bb k\u00f6rny\u00e9kbeli fiatalnak. Az int\u00e9zm\u00e9nyben egy ifj\u00fas\u00e1gi k\u00f6zpont is m\u0171k\u00f6dik 12 \u00e9s 16 \u00e9v k\u00f6z\u00f6tti fiatalok sz\u00e1m\u00e1ra, ami minden p\u00e9nteken \u00e9s szombaton nyitva tart, \u00e9s szint\u00e9n sz\u00e1mos szabadid\u0151s tev\u00e9kenys\u00e9get k\u00edn\u00e1l. A Szal\u00e9zi Misszi\u00f3s \u00d6nk\u00e9ntesk\u00e9nt els\u0151sorban ezekben a feladatokban seg\u00edted majd az ottani szal\u00e9ziak munk\u00e1j\u00e1t.<\/p>\n\n\n<div class=\"wp-block-image is-style-rounded\">\n<figure class=\"alignright size-full is-resized\"><img decoding=\"async\" loading=\"lazy\" src=\"https:\/\/salesianmissions.hu\/voluntary\/wp-content\/uploads\/2023\/05\/1_31_1_1_171_.jpg\" alt=\"\" class=\"wp-image-648\" width=\"303\" height=\"202\"\/><\/figure><\/div>\n\n\n<p class=\"has-medium-font-size\"><\/p>\n\n\n\n<p class=\"has-medium-font-size\"><strong>Hasznos infrom\u00e1ci\u00f3k<\/strong><\/p>\n\n\n\n<p>A sz\u00e1ll\u00e1st \u00e9s az \u00e9tkez\u00e9st a szal\u00e9ziak biztos\u00edtj\u00e1k sz\u00e1modra. <\/p>\n\n\n\n<p>\u00d6nk\u00e9ntesk\u00e9nt az Eur\u00f3pai Szolidarit\u00e1si Test\u00fclet programj\u00e1n kereszt\u00fcl havi zsebp\u00e9nzt kapsz.<\/p>\n\n\n\n<p>\u00d6nk\u00e9ntesk\u00e9nt csatlakozol az Osztr\u00e1k Nemzeti Iroda \u00e1ltal szervezett k\u00f6telez\u0151 k\u00e9pz\u00e9sekhez. Ezen k\u00edv\u00fcl a Don Bosco Volunteers h\u00e1rom tr\u00e9ninget szervez \u00f6nk\u00e9ntesei sz\u00e1m\u00e1ra: egy 4 napos kir\u00e1ndul\u00e1st Torin\u00f3ba, egy egynapos oktat\u00e1si programot \u00e9s egy h\u00e9tv\u00e9g\u00e9t reflexi\u00f3ra.<\/p>\n\n\n\n<p><\/p>\n\n\n\n<p class=\"has-medium-font-size\"><strong>Jelentkez\u00e9s<\/strong><\/p>\n\n\n\n<p>Jelentkezni egy angol nyelv\u0171 motiv\u00e1ci\u00f3s lev\u00e9l \u00e9s \u00f6n\u00e9letrajz k\u00eds\u00e9ret\u00e9ben az sdb.mission.hungary@gmail.com e-mail c\u00edmen kereszt\u00fcl tudsz.<\/p>\n\n\n\n<p>Valamint legy\u00e9l szabad j\u00fanius 17-\u00e9n egy misszi\u00f3s k\u00e9pz\u00e9si alkalomra!<\/p>\n\n\n\n<p>K\u00e9rd\u00e9ssel fordulj b\u00e1tran hozz\u00e1nk M\u00e1rk +36 (30) 222 7500 Fanni +36 (20) 470 2783<\/p>\n\n\n\n<figure class=\"wp-block-image size-large\"><img decoding=\"async\" loading=\"lazy\" width=\"724\" height=\"1024\" src=\"https:\/\/salesianmissions.hu\/voluntary\/wp-content\/uploads\/2023\/05\/Fulpmes-724x1024.png\" alt=\"\" class=\"wp-image-646\" srcset=\"https:\/\/salesianmissions.hu\/voluntary\/wp-content\/uploads\/2023\/05\/Fulpmes-724x1024.png 724w, https:\/\/salesianmissions.hu\/voluntary\/wp-content\/uploads\/2023\/05\/Fulpmes-768x1086.png 768w, https:\/\/salesianmissions.hu\/voluntary\/wp-content\/uploads\/2023\/05\/Fulpmes-1086x1536.png 1086w, https:\/\/salesianmissions.hu\/voluntary\/wp-content\/uploads\/2023\/05\/Fulpmes.png 1414w\" sizes=\"(max-width: 724px) 100vw, 724px\" \/><\/figure>\n","protected":false},"excerpt":{"rendered":"<p>Legy\u00e9l misszi\u00f3s \u00f6nk\u00e9ntes a Don Bosco Koll\u00e9giumban Fulpmesben! Id\u0151szak 2023 szeptember- 2024 j\u00fanius Helysz\u00edn Don Bosco Fulpmes (Don Bosco Volunteers) www.donboscofulpmes.at Feladat A h\u00e1z tanul\u00e1si<\/p>\n","protected":false},"author":5,"featured_media":651,"comment_status":"open","ping_status":"open","sticky":false,"template":"","format":"standard","meta":[],"categories":[85,94],"tags":[],"_links":{"self":[{"href":"https:\/\/salesianmissions.hu\/voluntary\/wp-json\/wp\/v2\/posts\/644"}],"collection":[{"href":"https:\/\/salesianmissions.hu\/voluntary\/wp-json\/wp\/v2\/posts"}],"about":[{"href":"https:\/\/salesianmissions.hu\/voluntary\/wp-json\/wp\/v2\/types\/post"}],"author":[{"embeddable":true,"href":"https:\/\/salesianmissions.hu\/voluntary\/wp-json\/wp\/v2\/users\/5"}],"replies":[{"embeddable":true,"href":"https:\/\/salesianmissions.hu\/voluntary\/wp-json\/wp\/v2\/comments?post=644"}],"version-history":[{"count":3,"href":"https:\/\/salesianmissions.hu\/voluntary\/wp-json\/wp\/v2\/posts\/644\/revisions"}],"predecessor-version":[{"id":650,"href":"https:\/\/salesianmissions.hu\/voluntary\/wp-json\/wp\/v2\/posts\/644\/revisions\/650"}],"wp:featuredmedia":[{"embeddable":true,"href":"https:\/\/salesianmissions.hu\/voluntary\/wp-json\/wp\/v2\/media\/651"}],"wp:attachment":[{"href":"https:\/\/salesianmissions.hu\/voluntary\/wp-json\/wp\/v2\/media?parent=644"}],"wp:term":[{"taxonomy":"category","embeddable":true,"href":"https:\/\/salesianmissions.hu\/voluntary\/wp-json\/wp\/v2\/categories?post=644"},{"taxonomy":"post_tag","embeddable":true,"href":"https:\/\/salesianmissions.hu\/voluntary\/wp-json\/wp\/v2\/tags?post=644"}],"curies":[{"name":"wp","href":"https:\/\/api.w.org\/{rel}","templated":true}]}}