{"id":705,"date":"2024-01-11T18:18:30","date_gmt":"2024-01-11T18:18:30","guid":{"rendered":"https:\/\/salesianmissions.hu\/voluntary\/?p=705"},"modified":"2024-01-11T18:20:30","modified_gmt":"2024-01-11T18:20:30","slug":"misszios-onkentesseg-a-savio-hazban","status":"publish","type":"post","link":"https:\/\/salesianmissions.hu\/voluntary\/2024\/01\/11\/misszios-onkentesseg-a-savio-hazban\/","title":{"rendered":"Misszi\u00f3s \u00d6nk\u00e9ntess\u00e9g a Savio H\u00e1zban"},"content":{"rendered":"\n<p>M\u00e1r 3 h\u00f3napja, hogy elkezdtem a szal\u00e9zi misszi\u00f3s \u00f6nk\u00e9ntesk\u00e9det a Savio H\u00e1zban, Angli\u00e1ban. Hihetetlen, hogy milyen gyorsan eltelt ez az id\u0151. Szeptemberben izgatottan \u00e9s v\u00e1rakoz\u00e1ssal telve sz\u00e1lltam fel a rep\u00fcl\u0151g\u00e9pre. J\u00faliusban ugyan volt alkalmam elt\u00f6lteni 5 csod\u00e1latos napot a Savio h\u00e1zban, de a t\u00f6bbi \u00f6nk\u00e9ntest nem ismertem \u00e9s nem is sejtettem igaz\u00e1n milyen csod\u00e1latos \u00e9lm\u00e9nyben lesz itt r\u00e9szem. Az els\u0151 k\u00e9t h\u00e9tben egyfajta felk\u00e9sz\u00edt\u00e9sen vett\u00fcnk r\u00e9szt, ahol tanultunk a Don Bosco nevel\u0151i m\u00f3dszerr\u0151l, kommunik\u00e1ci\u00f3r\u00f3l, lelki \u00e9letr\u0151l \u00e9s sok csapat\u00e9p\u00edt\u0151 j\u00e1t\u00e9kot j\u00e1tszottunk. Ez a k\u00e9t h\u00e9t nagyon j\u00f3 alkalom volt arra, hogy \u00f6sszeszokjunk, mint egy csapat, megismerj\u00fck egym\u00e1st jobban. 4 k\u00fcl\u00f6nb\u00f6z\u0151 orsz\u00e1gb\u00f3l vannak itt \u00f6nk\u00e9ntesek: N\u00e9metorsz\u00e1g, Georgia, Spanyolorsz\u00e1g \u00e9n pedig Magyarorsz\u00e1got k\u00e9pviselem. A Szal\u00e9zaikkal egy\u00fctt 11 k\u00fcl\u00f6nb\u00f6z\u0151 nemzetis\u00e9g van jelenA Savio H\u00e1zba iskol\u00e1s csoportok \u00e9rkeznek 4.-es koroszt\u00e1lyt\u00f3l 10.-es koroszt\u00e1lyig \u00e9s r\u00e9szt vesznek 1 vagy 3 napos lelkigyakorlaton. A lelkigyakorlatokra az \u00f6nk\u00e9ntesekkel vas\u00e1rnaponk\u00e9nt k\u00e9sz\u00fcl\u00fcnk fel. Megvan , hogy melyik program\u00e9rt, feladat\u00e9rt ki a felel\u0151s \u00e9s arra kell el\u0151k\u00e9sz\u00fclni. Mindegyik koroszt\u00e1ly sz\u00e1m\u00e1ra k\u00fcl\u00f6nb\u00f6z\u0151 t\u00e9m\u00e1j\u00fa lelkigyakorlatok vannak. ebben az \u00e9vben volt lelkigyakorlat h\u00edd c\u00edmmel, ahol a fiataloknak van alkalmuk arr\u00f3l gondolkodni, hogy mi\u00e9rt fontos a kapcsolatok \u00e9p\u00edt\u00e9se egym\u00e1ssal, hogy tudj\u00e1k meger\u0151s\u00edteni a kapcsolatot egym\u00e1ssal, Istennel, kik a legfontosabb szem\u00e9lyek az \u00e9let\u00fckben.<\/p>\n\n\n\n<figure class=\"wp-block-image size-large\"><img decoding=\"async\" loading=\"lazy\" width=\"1024\" height=\"768\" src=\"https:\/\/salesianmissions.hu\/voluntary\/wp-content\/uploads\/2024\/01\/IMG-20230305-WA0017-1024x768.jpg\" alt=\"\" class=\"wp-image-706\" srcset=\"https:\/\/salesianmissions.hu\/voluntary\/wp-content\/uploads\/2024\/01\/IMG-20230305-WA0017-1024x768.jpg 1024w, https:\/\/salesianmissions.hu\/voluntary\/wp-content\/uploads\/2024\/01\/IMG-20230305-WA0017-768x576.jpg 768w, https:\/\/salesianmissions.hu\/voluntary\/wp-content\/uploads\/2024\/01\/IMG-20230305-WA0017-1536x1152.jpg 1536w, https:\/\/salesianmissions.hu\/voluntary\/wp-content\/uploads\/2024\/01\/IMG-20230305-WA0017.jpg 2048w\" sizes=\"(max-width: 1024px) 100vw, 1024px\" \/><\/figure>\n\n\n\n<p>Az \u00e9rt\u00e9kek lelkigyakorlaton, azon elm\u00e9lkednek, mik az igaz\u00e1n fontos \u00e9rt\u00e9kek az \u00e9let\u00fckben, milyen bels\u0151 \u00e9rt\u00e9kekkel rendelkeznek,&nbsp; hogyan tudj\u00e1k a saj\u00e1t bels\u0151 \u00e9rt\u00e9keiket haszn\u00e1lni.&nbsp; A 3 napos, azaz itt alv\u00f3s lelkigyakorlat els\u0151 napj\u00e1n mindig kir\u00e1ndulunk a k\u00f6zeli White Nancy nevezet\u0171 hegyre. Ez remek alkalom a besz\u00e9lget\u00e9sre, ismerked\u00e9sre. M\u00e1sodik nap alkalmunk van gy\u00f3n\u00e1son r\u00e9szt venni, amire kiscsoportokban k\u00e9sz\u00fclnek fel, d\u00e9lut\u00e1n k\u00fcl\u00f6nb\u00f6z\u0151 csapatversenyeken tudnak r\u00e9szt venni, \u00e9s vacsora ut\u00e1n egy\u00fctt vesz\u00fcnk r\u00e9szt a Szentmis\u00e9n. A napot pedig egy fergeteges diszk\u00f3val t\u00e1rjuk. Az utols\u00f3 nap pedig a lelkigyakorlat lez\u00e1r\u00e1s\u00e1t k\u00f6vet\u0151en b\u00facs\u00fat vesz\u00fcnk a fiatalokt\u00f3l.&nbsp;<\/p>\n\n\n\n<p>Persze a Savio H\u00e1zban a lelkigyakorlatok tart\u00e1sa mellett, rengeteg \u00e9lm\u00e9nyekben van r\u00e9sz\u00fcnk.&nbsp;<\/p>\n\n\n\n<p>Minden szombatunk szabadnap, amit \u00e1ltal\u00e1ban v\u00e1rosn\u00e9z\u00e9ssel, kir\u00e1ndul\u00e1ssal t\u00f6ltj\u00fck. Van, hogy a\u00a0 Szal\u00e9ziak kocsival elvisznek minket megmutatni egy- egy helyet, de olykor csak mi \u00f6nk\u00e9ntesek t\u00f6megk\u00f6zleked\u00e9ssel felfedezz\u00fck a k\u00f6rny\u00e9ket. Az \u0151szi sz\u00fcnetben pedig volt alkalmunk elmenni Londonba, ahol 5 hihetetlen napot t\u00f6lt\u00f6tt\u00fcnk el, \u00e9s az ottani Szal\u00e9ziak ny\u00fajtottak nek\u00fcnk sz\u00e1ll\u00e1st. Nagyon h\u00e1l\u00e1s voltam ez\u00e9rt az \u00e9lm\u00e9ny\u00e9rt, de tal\u00e1n az egyik legfantasztikusabb esem\u00e9ny sz\u00e1momra a Savio H\u00e1z alap\u00edt\u00e1s\u00e1nak 80. \u00e9vfordul\u00f3ja volt. Az alkalomra sok v\u00e1rosb\u00f3l \u00e9rkeztek Szal\u00e9ziak, volt \u00f6nk\u00e9ntesek \u00e9s egy\u00fctt \u00fcnnepelt\u00fcnk.\u00a0<\/p>\n\n\n\n<figure class=\"wp-block-image size-large\"><img decoding=\"async\" loading=\"lazy\" width=\"1024\" height=\"1024\" src=\"https:\/\/salesianmissions.hu\/voluntary\/wp-content\/uploads\/2024\/01\/IMG-20220922-WA0000-1024x1024.jpg\" alt=\"\" class=\"wp-image-707\" srcset=\"https:\/\/salesianmissions.hu\/voluntary\/wp-content\/uploads\/2024\/01\/IMG-20220922-WA0000-1024x1024.jpg 1024w, https:\/\/salesianmissions.hu\/voluntary\/wp-content\/uploads\/2024\/01\/IMG-20220922-WA0000-300x300.jpg 300w, https:\/\/salesianmissions.hu\/voluntary\/wp-content\/uploads\/2024\/01\/IMG-20220922-WA0000-150x150.jpg 150w, https:\/\/salesianmissions.hu\/voluntary\/wp-content\/uploads\/2024\/01\/IMG-20220922-WA0000-768x768.jpg 768w, https:\/\/salesianmissions.hu\/voluntary\/wp-content\/uploads\/2024\/01\/IMG-20220922-WA0000-800x800.jpg 800w, https:\/\/salesianmissions.hu\/voluntary\/wp-content\/uploads\/2024\/01\/IMG-20220922-WA0000.jpg 1080w\" sizes=\"(max-width: 1024px) 100vw, 1024px\" \/><\/figure>\n\n\n\n<p>Sz\u00e1momra hihetetlen, hogy az els\u0151 f\u00e9l\u00e9vet lassan lez\u00e1rjuk, \u00e9s lassan mindenki indul haza Kar\u00e1csonyra. Olyan mintha tegnap \u00e9rkeztem volna ide. Nagyon \u00f6r\u00fcl\u00f6k, hogy a kar\u00e1csonyt otthon t\u00f6lthettem, de izgalommal v\u00e1rom a m\u00e1sodik f\u00e9l\u00e9v megkezd\u00e9s\u00e9t itt a Savio H\u00e1zban. A j\u00f6v\u0151re n\u00e9zve, mindenkinek aj\u00e1nlani tudom, hogy jelentkezzen \u00f6nk\u00e9ntesnek, ha nem is Angli\u00e1ba, sz\u00e1mos m\u00e1s lehet\u0151s\u00e9g van, de az az egy biztos, hogy\u00a0 \u00e9n rengeteg mindent kaptam m\u00e1r ez alatt az id\u0151 alatt, is mind \u00e9lm\u00e9nyben \u00e9s lelkiekben. K\u00f6sz\u00f6n\u00f6m a lehet\u0151s\u00e9get a Szal\u00e9ziaknak \u00e9s a sok t\u00e1mogat\u00e1st, b\u00e1tor\u00edt\u00e1st.<\/p>\n\n\n\n<p>-Mocs\u00e1ri Bettina<\/p>\n","protected":false},"excerpt":{"rendered":"<p>M\u00e1r 3 h\u00f3napja, hogy elkezdtem a szal\u00e9zi misszi\u00f3s \u00f6nk\u00e9ntesk\u00e9det a Savio H\u00e1zban, Angli\u00e1ban. Hihetetlen, hogy milyen gyorsan eltelt ez az id\u0151. Szeptemberben izgatottan \u00e9s v\u00e1rakoz\u00e1ssal<\/p>\n","protected":false},"author":5,"featured_media":707,"comment_status":"open","ping_status":"open","sticky":false,"template":"","format":"standard","meta":[],"categories":[85],"tags":[],"_links":{"self":[{"href":"https:\/\/salesianmissions.hu\/voluntary\/wp-json\/wp\/v2\/posts\/705"}],"collection":[{"href":"https:\/\/salesianmissions.hu\/voluntary\/wp-json\/wp\/v2\/posts"}],"about":[{"href":"https:\/\/salesianmissions.hu\/voluntary\/wp-json\/wp\/v2\/types\/post"}],"author":[{"embeddable":true,"href":"https:\/\/salesianmissions.hu\/voluntary\/wp-json\/wp\/v2\/users\/5"}],"replies":[{"embeddable":true,"href":"https:\/\/salesianmissions.hu\/voluntary\/wp-json\/wp\/v2\/comments?post=705"}],"version-history":[{"count":1,"href":"https:\/\/salesianmissions.hu\/voluntary\/wp-json\/wp\/v2\/posts\/705\/revisions"}],"predecessor-version":[{"id":708,"href":"https:\/\/salesianmissions.hu\/voluntary\/wp-json\/wp\/v2\/posts\/705\/revisions\/708"}],"wp:featuredmedia":[{"embeddable":true,"href":"https:\/\/salesianmissions.hu\/voluntary\/wp-json\/wp\/v2\/media\/707"}],"wp:attachment":[{"href":"https:\/\/salesianmissions.hu\/voluntary\/wp-json\/wp\/v2\/media?parent=705"}],"wp:term":[{"taxonomy":"category","embeddable":true,"href":"https:\/\/salesianmissions.hu\/voluntary\/wp-json\/wp\/v2\/categories?post=705"},{"taxonomy":"post_tag","embeddable":true,"href":"https:\/\/salesianmissions.hu\/voluntary\/wp-json\/wp\/v2\/tags?post=705"}],"curies":[{"name":"wp","href":"https:\/\/api.w.org\/{rel}","templated":true}]}}