{"id":712,"date":"2024-01-11T18:26:00","date_gmt":"2024-01-11T18:26:00","guid":{"rendered":"https:\/\/salesianmissions.hu\/voluntary\/?p=712"},"modified":"2024-01-11T18:26:01","modified_gmt":"2024-01-11T18:26:01","slug":"ghanai-misszio","status":"publish","type":"post","link":"https:\/\/salesianmissions.hu\/voluntary\/2024\/01\/11\/ghanai-misszio\/","title":{"rendered":"Gh\u00e1nai Misszi\u00f3"},"content":{"rendered":"\n<p>R\u00e9gi nagy \u00e1lmom, v\u00e1gyam volt Afrika, mindig is \u00e9reztem \u00e9s tudtam, hogy nekem el kell jutnom oda. Sok k\u00fczd\u00e9s \u00e9s v\u00e1rakoz\u00e1s ut\u00e1n siker\u00fclt is.<\/p>\n\n\n\n<p>Szal\u00e9zi misszi\u00f3s \u00f6nk\u00e9ntesk\u00e9nt voltam Gh\u00e1n\u00e1ban k\u00f6zel k\u00e9t h\u00f3napot. A f\u0151v\u00e1ros mellett l\u00e9v\u0151 Temaban tal\u00e1lhat\u00f3 a szal\u00e9ziak \u00e1ltal m\u0171k\u00f6dtetett CPC &#8211; Child Protection Center, ami az utcagyerekek, \u00e9s a szeg\u00e9ny gyermekek iskol\u00e1ja.&nbsp;<\/p>\n\n\n\n<p>Sokfel\u00e9 utaztam orsz\u00e1gon bel\u00fcl, voltam egy m\u00e1sik szal\u00e9zi helyen, Sunyaniban, ahol egy Boy\u2019s Home van utc\u00e1r\u00f3l \u00f6sszeszedett fi\u00fakkal. Egy \u00f3ce\u00e1nparti faluban pedig tal\u00e1lkoztam olyan gyerekekkel, akik nem tal\u00e1lkoztak m\u00e9g feh\u00e9r emberrel, az egyik kisfi\u00fa kifejezetten f\u00e9lt is t\u0151lem, a t\u00f6bbiek ink\u00e1bb k\u00edv\u00e1ncsiak voltak \u00e9s vizsg\u00e1lgatt\u00e1k, csipkedt\u00e9k a kezemet, hogy mi\u00e9rt ilyen feh\u00e9r.<\/p>\n\n\n\n<figure class=\"wp-block-image size-large\"><img decoding=\"async\" loading=\"lazy\" width=\"768\" height=\"1024\" src=\"https:\/\/salesianmissions.hu\/voluntary\/wp-content\/uploads\/2024\/01\/IMG-20230620-WA0014-1-1-768x1024.jpg\" alt=\"\" class=\"wp-image-714\" srcset=\"https:\/\/salesianmissions.hu\/voluntary\/wp-content\/uploads\/2024\/01\/IMG-20230620-WA0014-1-1-768x1024.jpg 768w, https:\/\/salesianmissions.hu\/voluntary\/wp-content\/uploads\/2024\/01\/IMG-20230620-WA0014-1-1.jpg 864w\" sizes=\"(max-width: 768px) 100vw, 768px\" \/><\/figure>\n\n\n\n<p>Nagyon felemel\u0151 volt azt megtapasztalni, hogy a J\u00f3isten Gh\u00e1n\u00e1ban is ott van, mint b\u00e1rhol m\u00e1shol, m\u00e1s a kult\u00fara, a k\u00f6rnyezet, minden, de Isten \u00e1lland\u00f3 \u00e9s ugyanaz. Don Bosco k\u00e9pe ugyan\u00fagy mindenhol ott volt, ak\u00e1rcsak itthon, ezek m\u00e9g ink\u00e1bb r\u00e1mutattak, hogy nem a k\u00fcl\u00f6nbs\u00e9geket kell keresni, hanem a hasonl\u00f3s\u00e1gokat. M\u00e1ris m\u00e1s szemmel tudsz ott lenni, sokkal jobban a r\u00e9sze tudsz lenni a k\u00f6z\u00f6ss\u00e9gnek, az afrikai \u00e9letnek, ha nyitott vagy \u00e9s befogad\u00f3.<\/p>\n\n\n\n<p>De l\u00e1ttam \u00e9s tapasztaltam, hogy az afrikai \u00e9let neh\u00e9z, mindenkinek mag\u00e1r\u00f3l kell gondoskodnia. Ugyanakkor a J\u00f3isten jobban az \u00e9let\u00fck r\u00e9sze, \u00e9s ha nehezebb is a sorsuk, nem panaszkodnak, megel\u00e9gszenek azzal amily\u00fck van.\u00a0<\/p>\n\n\n\n<p>\u00d6sszess\u00e9g\u00e9ben azt \u00e9reztem, mintha boldogabbak lenn\u00e9nek az afrikai emberek, mint mi itt Eur\u00f3p\u00e1ban. Az afrikai vil\u00e1g sokkal lassabb, t\u00fcrelemre tan\u00edt \u00e9s visszavesz a nyugati rohan\u00e1sb\u00f3l.<\/p>\n\n\n\n<p>Szem\u00e9ly szerint nagyon \u00e9lveztem az afrikai l\u00e9tet, b\u00e1r nem mindig k\u00f6nny\u0171, \u00e9s sok lemond\u00e1ssal j\u00e1r, de valahogy k\u00f6nnyebb \u00e9s term\u00e9szetesebb az a l\u00e9t, mint amit mi \u00e9l\u00fcnk itthon. Az ember egy j\u00f3l alkalmazkod\u00f3 l\u00e9ny, csak err\u0151l gyakran megfeledkez\u00fcnk.&nbsp;<\/p>\n\n\n\n<p>Ez az \u00fat m\u00e9g ink\u00e1bb meger\u0151s\u00edtett abban, hogy felel\u0151ss\u00e9g\u00fcnk van a vil\u00e1gban, \u00e9s cselekedni kell. Egy misszi\u00f3s \u00fat k\u00fcl\u00f6n\u00f6sen m\u00e1s, mert r\u00e9sze a J\u00f3isten is, egy misszi\u00f3 hitet \u00e9s elhivatotts\u00e1got k\u00edv\u00e1n.<\/p>\n\n\n\n<p>Mindenkit b\u00e1tor\u00edtok, hogy merje felfedezni a J\u00f3istent, \u00e9s tal\u00e1lja meg a misszi\u00f3j\u00e1t b\u00e1rhol a vil\u00e1gban.<\/p>\n\n\n\n<p>Nagyon h\u00e1l\u00e1s vagyok Mindenkinek, aki b\u00e1rmilyen form\u00e1ban t\u00e1mogatta az utamat!<\/p>\n\n\n\n<p>-Cs\u00facs Eszter<\/p>\n","protected":false},"excerpt":{"rendered":"<p>R\u00e9gi nagy \u00e1lmom, v\u00e1gyam volt Afrika, mindig is \u00e9reztem \u00e9s tudtam, hogy nekem el kell jutnom oda. Sok k\u00fczd\u00e9s \u00e9s v\u00e1rakoz\u00e1s ut\u00e1n siker\u00fclt is. Szal\u00e9zi<\/p>\n","protected":false},"author":5,"featured_media":713,"comment_status":"open","ping_status":"open","sticky":false,"template":"","format":"standard","meta":[],"categories":[85,96],"tags":[],"_links":{"self":[{"href":"https:\/\/salesianmissions.hu\/voluntary\/wp-json\/wp\/v2\/posts\/712"}],"collection":[{"href":"https:\/\/salesianmissions.hu\/voluntary\/wp-json\/wp\/v2\/posts"}],"about":[{"href":"https:\/\/salesianmissions.hu\/voluntary\/wp-json\/wp\/v2\/types\/post"}],"author":[{"embeddable":true,"href":"https:\/\/salesianmissions.hu\/voluntary\/wp-json\/wp\/v2\/users\/5"}],"replies":[{"embeddable":true,"href":"https:\/\/salesianmissions.hu\/voluntary\/wp-json\/wp\/v2\/comments?post=712"}],"version-history":[{"count":1,"href":"https:\/\/salesianmissions.hu\/voluntary\/wp-json\/wp\/v2\/posts\/712\/revisions"}],"predecessor-version":[{"id":715,"href":"https:\/\/salesianmissions.hu\/voluntary\/wp-json\/wp\/v2\/posts\/712\/revisions\/715"}],"wp:featuredmedia":[{"embeddable":true,"href":"https:\/\/salesianmissions.hu\/voluntary\/wp-json\/wp\/v2\/media\/713"}],"wp:attachment":[{"href":"https:\/\/salesianmissions.hu\/voluntary\/wp-json\/wp\/v2\/media?parent=712"}],"wp:term":[{"taxonomy":"category","embeddable":true,"href":"https:\/\/salesianmissions.hu\/voluntary\/wp-json\/wp\/v2\/categories?post=712"},{"taxonomy":"post_tag","embeddable":true,"href":"https:\/\/salesianmissions.hu\/voluntary\/wp-json\/wp\/v2\/tags?post=712"}],"curies":[{"name":"wp","href":"https:\/\/api.w.org\/{rel}","templated":true}]}}